
{"id":60664,"date":"2024-04-15T14:54:17","date_gmt":"2024-04-15T13:54:17","guid":{"rendered":"https:\/\/sheffieldwire.co.uk\/?p=60664"},"modified":"2024-04-15T15:12:31","modified_gmt":"2024-04-15T14:12:31","slug":"migration-matters-festival-international-culture-festival-returns-to-sheffield","status":"publish","type":"post","link":"https:\/\/sheffieldwire.co.uk\/index.php\/2024\/04\/15\/migration-matters-festival-international-culture-festival-returns-to-sheffield\/","title":{"rendered":"Migration Matters Festival: International culture festival returns to Sheffield"},"content":{"rendered":"\n<p>A Sheffield festival which brings communities together by celebrating international culture is welcoming its &#8216;best line up ever&#8217; this year.<\/p>\n\n\n\n<p>The city&#8217;s ninth <a href=\"https:\/\/www.migrationmattersfestival.co.uk\/\">Migration Matters Festival<\/a> will take place on 14 June until 22 June at multiple venues across Sheffield. <\/p>\n\n\n\n<p>Director of the festival, Sam Holland said: \u201cThis year\u2019s festival will include our best line up yet.<\/p>\n\n\n\n<p>\u201cWhether you want to discover new stories about people of colour throughout history in South Yorkshire, or dance to African drum beats in the city streets, the festival will have something for you.<\/p>\n\n\n\n<p>\u201cWe are committed to giving underrepresented communities a voice through our truly eclectic and diverse programme.\u201d<\/p>\n\n\n\n<figure class=\"wp-block-image aligncenter size-full is-resized\"><img loading=\"lazy\" decoding=\"async\" width=\"828\" height=\"1223\" src=\"https:\/\/sheffieldwire.co.uk\/wp-content\/uploads\/2024\/04\/IMG_3700.jpg\" alt=\"\" class=\"wp-image-60863\" style=\"width:407px;height:auto\" srcset=\"https:\/\/sheffieldwire.co.uk\/wp-content\/uploads\/2024\/04\/IMG_3700.jpg 828w, https:\/\/sheffieldwire.co.uk\/wp-content\/uploads\/2024\/04\/IMG_3700-480x709.jpg 480w\" sizes=\"(min-width: 0px) and (max-width: 480px) 480px, (min-width: 481px) 828px, 100vw\" \/><figcaption class=\"wp-element-caption\">Sam Holland, Festival Director. Credit: Migration Matters Festival <\/figcaption><\/figure>\n\n\n\n<p>The festival is the UK&#8217;s biggest <a href=\"https:\/\/refugeeweek.org.uk\/\">Refugee Week<\/a> event, attracting 13,400 people last year. <\/p>\n\n\n\n<p>Refugee Week is the world&#8217;s largest arts and culture festival celebrating the resilience of refugees and people seeking sanctuary.<\/p>\n\n\n\n<p>It takes place from 17 June until 23 June. This year&#8217;s theme is &#8216;home&#8217;.<\/p>\n\n\n\n<p>Headliners for the festival in June include <a href=\"https:\/\/www.grammy.com\/\">Grammy-nominated<\/a> husband-and-wife duo, <a href=\"http:\/\/www.amadou-mariam.com\/\">Amadou &amp; Mariam<\/a>, who performed at <a href=\"https:\/\/www.glastonburyfestivals.co.uk\/\">Glastonbury<\/a> last year. <\/p>\n\n\n\n<figure class=\"wp-block-image aligncenter size-large is-resized\"><img loading=\"lazy\" decoding=\"async\" width=\"1024\" height=\"684\" src=\"https:\/\/sheffieldwire.co.uk\/wp-content\/uploads\/2024\/04\/Amadou-Mariam-First-selection-72p-3000px-A\u00a9-Nicolas-ReI_meI_neI_-9-1-1024x684.jpg\" alt=\"\" class=\"wp-image-60859\" style=\"width:604px;height:auto\" srcset=\"https:\/\/sheffieldwire.co.uk\/wp-content\/uploads\/2024\/04\/Amadou-Mariam-First-selection-72p-3000px-A\u00a9-Nicolas-ReI_meI_neI_-9-1-1024x684.jpg 1024w, https:\/\/sheffieldwire.co.uk\/wp-content\/uploads\/2024\/04\/Amadou-Mariam-First-selection-72p-3000px-A\u00a9-Nicolas-ReI_meI_neI_-9-1-300x200.jpg 300w, https:\/\/sheffieldwire.co.uk\/wp-content\/uploads\/2024\/04\/Amadou-Mariam-First-selection-72p-3000px-A\u00a9-Nicolas-ReI_meI_neI_-9-1-768x513.jpg 768w, https:\/\/sheffieldwire.co.uk\/wp-content\/uploads\/2024\/04\/Amadou-Mariam-First-selection-72p-3000px-A\u00a9-Nicolas-ReI_meI_neI_-9-1-1536x1026.jpg 1536w, https:\/\/sheffieldwire.co.uk\/wp-content\/uploads\/2024\/04\/Amadou-Mariam-First-selection-72p-3000px-A\u00a9-Nicolas-ReI_meI_neI_-9-1-2048x1367.jpg 2048w, https:\/\/sheffieldwire.co.uk\/wp-content\/uploads\/2024\/04\/Amadou-Mariam-First-selection-72p-3000px-A\u00a9-Nicolas-ReI_meI_neI_-9-1-1080x721.jpg 1080w, https:\/\/sheffieldwire.co.uk\/wp-content\/uploads\/2024\/04\/Amadou-Mariam-First-selection-72p-3000px-A\u00a9-Nicolas-ReI_meI_neI_-9-1-1280x855.jpg 1280w, https:\/\/sheffieldwire.co.uk\/wp-content\/uploads\/2024\/04\/Amadou-Mariam-First-selection-72p-3000px-A\u00a9-Nicolas-ReI_meI_neI_-9-1-980x654.jpg 980w, https:\/\/sheffieldwire.co.uk\/wp-content\/uploads\/2024\/04\/Amadou-Mariam-First-selection-72p-3000px-A\u00a9-Nicolas-ReI_meI_neI_-9-1-480x320.jpg 480w\" sizes=\"(max-width: 1024px) 100vw, 1024px\" \/><figcaption class=\"wp-element-caption\">Photo session with Amadou &amp; Mariam in their home in Bamako, Mali, December 8, 2022.  \u00a9&nbsp;Nicolas R\u00c9M\u00c9N\u00c9<\/figcaption><\/figure>\n\n\n\n<p>Swiss band &#8216;<a href=\"https:\/\/en.wikipedia.org\/wiki\/Sirens_Of_Lesbos\">Sirens of Lesbos<\/a>&#8216; and prize-winning poet <a href=\"https:\/\/rogerrobinsononline.com\/\">Roger Robinson<\/a> will also be performing at the nine-day event. <\/p>\n\n\n\n<p>Mr Holland added: &#8220;There is an increased focus on global music due to demand and after last year, where we achieved a new audience record with Kenyan band <a href=\"https:\/\/en.wikipedia.org\/wiki\/Sauti_Sol\">Sauti Sol<\/a>.&#8221;<\/p>\n\n\n\n<figure class=\"wp-block-image aligncenter size-large is-resized\"><img loading=\"lazy\" decoding=\"async\" width=\"1024\" height=\"683\" src=\"https:\/\/sheffieldwire.co.uk\/wp-content\/uploads\/2024\/04\/A-record-audience-at-Sauti-Sol-in-2023-1-1024x683.jpg\" alt=\"\" class=\"wp-image-60869\" style=\"width:558px;height:auto\" srcset=\"https:\/\/sheffieldwire.co.uk\/wp-content\/uploads\/2024\/04\/A-record-audience-at-Sauti-Sol-in-2023-1-980x653.jpg 980w, https:\/\/sheffieldwire.co.uk\/wp-content\/uploads\/2024\/04\/A-record-audience-at-Sauti-Sol-in-2023-1-480x320.jpg 480w\" sizes=\"(min-width: 0px) and (max-width: 480px) 480px, (min-width: 481px) and (max-width: 980px) 980px, (min-width: 981px) 1024px, 100vw\" \/><figcaption class=\"wp-element-caption\">A record audience at Sauti Sol in 2023. Credit: Migration Matters Festival <\/figcaption><\/figure>\n\n\n\n<p>The aim of the festival is to celebrate the positive impact migration, refugees and asylum seekers have in Sheffield, the country&#8217;s first <a href=\"https:\/\/cityofsanctuary.org\/\">City of Sanctuary<\/a>.<\/p>\n\n\n\n<p>Sheffield became a City of Sanctuary on 18 June 2007, during Refugee Week, when Sheffield City Council agreed to support the movement.<\/p>\n\n\n\n<figure class=\"wp-block-embed is-type-video is-provider-youtube wp-block-embed-youtube wp-embed-aspect-16-9 wp-has-aspect-ratio\"><div class=\"wp-block-embed__wrapper\">\n<iframe loading=\"lazy\" title=\"MMF launch video\" width=\"1080\" height=\"608\" src=\"https:\/\/www.youtube.com\/embed\/-XGc8gDMCNM?feature=oembed\"  allow=\"accelerometer; autoplay; clipboard-write; encrypted-media; gyroscope; picture-in-picture; web-share\" referrerpolicy=\"strict-origin-when-cross-origin\" allowfullscreen><\/iframe>\n<\/div><figcaption class=\"wp-element-caption\">Migration Matters Festival Launch Video. Credit: Migration Matters Festival<\/figcaption><\/figure>\n\n\n\n<p>More than 50 individual events will take place over the course of the week, including comedy nights, theatre shows, art exhibitions, dance and drag shows, and Latin American film screenings. <\/p>\n\n\n\n<p>A live-streamed sing-a-long with six Sheffield choirs will also take place in Meersbrook Park, with the aim to send a message of hope to Palestine.<\/p>\n\n\n\n<p><a href=\"https:\/\/otismensah.com\/\">Otis Mensah<\/a>, Sheffield&#8217;s first poet laureate in 2018, has joined Howl Yuan as a guest curator at this year&#8217;s Migration Matters Festival. <\/p>\n\n\n\n<p>Otis is a hip hop and spoken words artist whose programme, &#8216;Longerr Inheritances&#8217;, will look at jazz experimentation and what it means play with genres and artistic expectations as Black artists and artists of colour.<\/p>\n\n\n\n<p>Tickets for the opening and closing parties, as well as some headline events, are available to book now at <a href=\"http:\/\/migrationmattersfestival.co.uk\">migrationmattersfestival.co.uk<\/a>.<\/p>\n","protected":false},"excerpt":{"rendered":"<p>A Sheffield festival which brings communities together by celebrating international culture is welcoming its &#8216;best line up ever&#8217; this year.<\/p>\n","protected":false},"author":171,"featured_media":60872,"comment_status":"open","ping_status":"open","sticky":false,"template":"","format":"standard","meta":{"_et_pb_use_builder":"","_et_pb_old_content":"","_et_gb_content_width":"","footnotes":""},"categories":[6],"tags":[1786,1358,118,1782,1783,1778,1779,1780,1784,9,58,1785,338],"class_list":["post-60664","post","type-post","status-publish","format-standard","has-post-thumbnail","hentry","category-news","tag-amadou-mariam","tag-city-of-sanctuary","tag-culture","tag-culture-festival","tag-international-culture-festival","tag-migration","tag-migration-matters","tag-migration-matters-sheffield","tag-otis-mensah","tag-sheffield","tag-sheffield-city-council","tag-sired-of-lesbos","tag-south-yorkshire"],"yoast_head":"<!-- This site is optimized with the Yoast SEO plugin v27.3 - https:\/\/yoast.com\/product\/yoast-seo-wordpress\/ -->\n<title>Migration Matters Festival: International culture festival returns to Sheffield - Sheffield Wire<\/title>\n<meta name=\"description\" content=\"A Sheffield festival which brings communities together by celebrating international culture is welcoming its &#039;best line up ever&#039; this year.\" \/>\n<meta name=\"robots\" content=\"index, follow, max-snippet:-1, max-image-preview:large, max-video-preview:-1\" \/>\n<link rel=\"canonical\" href=\"https:\/\/sheffieldwire.co.uk\/index.php\/2024\/04\/15\/migration-matters-festival-international-culture-festival-returns-to-sheffield\/\" \/>\n<meta property=\"og:locale\" content=\"en_GB\" \/>\n<meta property=\"og:type\" content=\"article\" \/>\n<meta property=\"og:title\" content=\"Migration Matters Festival: International culture festival returns to Sheffield - Sheffield Wire\" \/>\n<meta property=\"og:description\" content=\"A Sheffield festival which brings communities together by celebrating international culture is welcoming its &#039;best line up ever&#039; this year.\" \/>\n<meta property=\"og:url\" content=\"https:\/\/sheffieldwire.co.uk\/index.php\/2024\/04\/15\/migration-matters-festival-international-culture-festival-returns-to-sheffield\/\" \/>\n<meta property=\"og:site_name\" content=\"Sheffield Wire\" \/>\n<meta property=\"article:published_time\" content=\"2024-04-15T13:54:17+00:00\" \/>\n<meta property=\"article:modified_time\" content=\"2024-04-15T14:12:31+00:00\" \/>\n<meta property=\"og:image\" content=\"https:\/\/sheffieldwire.co.uk\/wp-content\/uploads\/2024\/04\/IMG_3699-1.jpg\" \/>\n\t<meta property=\"og:image:width\" content=\"828\" \/>\n\t<meta property=\"og:image:height\" content=\"538\" \/>\n\t<meta property=\"og:image:type\" content=\"image\/jpeg\" \/>\n<meta name=\"author\" content=\"Holly Phillips\" \/>\n<meta name=\"twitter:card\" content=\"summary_large_image\" \/>\n<meta name=\"twitter:label1\" content=\"Written by\" \/>\n\t<meta name=\"twitter:data1\" content=\"Holly Phillips\" \/>\n\t<meta name=\"twitter:label2\" content=\"Estimated reading time\" \/>\n\t<meta name=\"twitter:data2\" content=\"2 minutes\" \/>\n<script type=\"application\/ld+json\" class=\"yoast-schema-graph\">{\"@context\":\"https:\\\/\\\/schema.org\",\"@graph\":[{\"@type\":\"Article\",\"@id\":\"https:\\\/\\\/sheffieldwire.co.uk\\\/index.php\\\/2024\\\/04\\\/15\\\/migration-matters-festival-international-culture-festival-returns-to-sheffield\\\/#article\",\"isPartOf\":{\"@id\":\"https:\\\/\\\/sheffieldwire.co.uk\\\/index.php\\\/2024\\\/04\\\/15\\\/migration-matters-festival-international-culture-festival-returns-to-sheffield\\\/\"},\"author\":{\"name\":\"Holly Phillips\",\"@id\":\"https:\\\/\\\/sheffieldwire.co.uk\\\/#\\\/schema\\\/person\\\/779d9bacb039961fc57cb4f64e3ce7b2\"},\"headline\":\"Migration Matters Festival: International culture festival returns to Sheffield\",\"datePublished\":\"2024-04-15T13:54:17+00:00\",\"dateModified\":\"2024-04-15T14:12:31+00:00\",\"mainEntityOfPage\":{\"@id\":\"https:\\\/\\\/sheffieldwire.co.uk\\\/index.php\\\/2024\\\/04\\\/15\\\/migration-matters-festival-international-culture-festival-returns-to-sheffield\\\/\"},\"wordCount\":463,\"commentCount\":0,\"image\":{\"@id\":\"https:\\\/\\\/sheffieldwire.co.uk\\\/index.php\\\/2024\\\/04\\\/15\\\/migration-matters-festival-international-culture-festival-returns-to-sheffield\\\/#primaryimage\"},\"thumbnailUrl\":\"https:\\\/\\\/sheffieldwire.co.uk\\\/wp-content\\\/uploads\\\/2024\\\/04\\\/IMG_3699-1.jpg\",\"keywords\":[\"Amadou &amp; Mariam\",\"city of sanctuary\",\"culture\",\"culture festival\",\"International culture festival\",\"migration\",\"migration matters\",\"migration matters sheffield\",\"Otis Mensah\",\"Sheffield\",\"sheffield city council\",\"Sired of Lesbos\",\"south yorkshire\"],\"articleSection\":[\"News\"],\"inLanguage\":\"en-GB\",\"potentialAction\":[{\"@type\":\"CommentAction\",\"name\":\"Comment\",\"target\":[\"https:\\\/\\\/sheffieldwire.co.uk\\\/index.php\\\/2024\\\/04\\\/15\\\/migration-matters-festival-international-culture-festival-returns-to-sheffield\\\/#respond\"]}]},{\"@type\":\"WebPage\",\"@id\":\"https:\\\/\\\/sheffieldwire.co.uk\\\/index.php\\\/2024\\\/04\\\/15\\\/migration-matters-festival-international-culture-festival-returns-to-sheffield\\\/\",\"url\":\"https:\\\/\\\/sheffieldwire.co.uk\\\/index.php\\\/2024\\\/04\\\/15\\\/migration-matters-festival-international-culture-festival-returns-to-sheffield\\\/\",\"name\":\"Migration Matters Festival: International culture festival returns to Sheffield - Sheffield Wire\",\"isPartOf\":{\"@id\":\"https:\\\/\\\/sheffieldwire.co.uk\\\/#website\"},\"primaryImageOfPage\":{\"@id\":\"https:\\\/\\\/sheffieldwire.co.uk\\\/index.php\\\/2024\\\/04\\\/15\\\/migration-matters-festival-international-culture-festival-returns-to-sheffield\\\/#primaryimage\"},\"image\":{\"@id\":\"https:\\\/\\\/sheffieldwire.co.uk\\\/index.php\\\/2024\\\/04\\\/15\\\/migration-matters-festival-international-culture-festival-returns-to-sheffield\\\/#primaryimage\"},\"thumbnailUrl\":\"https:\\\/\\\/sheffieldwire.co.uk\\\/wp-content\\\/uploads\\\/2024\\\/04\\\/IMG_3699-1.jpg\",\"datePublished\":\"2024-04-15T13:54:17+00:00\",\"dateModified\":\"2024-04-15T14:12:31+00:00\",\"author\":{\"@id\":\"https:\\\/\\\/sheffieldwire.co.uk\\\/#\\\/schema\\\/person\\\/779d9bacb039961fc57cb4f64e3ce7b2\"},\"description\":\"A Sheffield festival which brings communities together by celebrating international culture is welcoming its 'best line up ever' this year.\",\"breadcrumb\":{\"@id\":\"https:\\\/\\\/sheffieldwire.co.uk\\\/index.php\\\/2024\\\/04\\\/15\\\/migration-matters-festival-international-culture-festival-returns-to-sheffield\\\/#breadcrumb\"},\"inLanguage\":\"en-GB\",\"potentialAction\":[{\"@type\":\"ReadAction\",\"target\":[\"https:\\\/\\\/sheffieldwire.co.uk\\\/index.php\\\/2024\\\/04\\\/15\\\/migration-matters-festival-international-culture-festival-returns-to-sheffield\\\/\"]}]},{\"@type\":\"ImageObject\",\"inLanguage\":\"en-GB\",\"@id\":\"https:\\\/\\\/sheffieldwire.co.uk\\\/index.php\\\/2024\\\/04\\\/15\\\/migration-matters-festival-international-culture-festival-returns-to-sheffield\\\/#primaryimage\",\"url\":\"https:\\\/\\\/sheffieldwire.co.uk\\\/wp-content\\\/uploads\\\/2024\\\/04\\\/IMG_3699-1.jpg\",\"contentUrl\":\"https:\\\/\\\/sheffieldwire.co.uk\\\/wp-content\\\/uploads\\\/2024\\\/04\\\/IMG_3699-1.jpg\",\"width\":828,\"height\":538,\"caption\":\"Image Credit: Migration Matters Festival\"},{\"@type\":\"BreadcrumbList\",\"@id\":\"https:\\\/\\\/sheffieldwire.co.uk\\\/index.php\\\/2024\\\/04\\\/15\\\/migration-matters-festival-international-culture-festival-returns-to-sheffield\\\/#breadcrumb\",\"itemListElement\":[{\"@type\":\"ListItem\",\"position\":1,\"name\":\"Home\",\"item\":\"https:\\\/\\\/sheffieldwire.co.uk\\\/\"},{\"@type\":\"ListItem\",\"position\":2,\"name\":\"Migration Matters Festival: International culture festival returns to Sheffield\"}]},{\"@type\":\"WebSite\",\"@id\":\"https:\\\/\\\/sheffieldwire.co.uk\\\/#website\",\"url\":\"https:\\\/\\\/sheffieldwire.co.uk\\\/\",\"name\":\"Sheffield Wire\",\"description\":\"The latest news from South Yorkshire\",\"potentialAction\":[{\"@type\":\"SearchAction\",\"target\":{\"@type\":\"EntryPoint\",\"urlTemplate\":\"https:\\\/\\\/sheffieldwire.co.uk\\\/?s={search_term_string}\"},\"query-input\":{\"@type\":\"PropertyValueSpecification\",\"valueRequired\":true,\"valueName\":\"search_term_string\"}}],\"inLanguage\":\"en-GB\"},{\"@type\":\"Person\",\"@id\":\"https:\\\/\\\/sheffieldwire.co.uk\\\/#\\\/schema\\\/person\\\/779d9bacb039961fc57cb4f64e3ce7b2\",\"name\":\"Holly Phillips\",\"image\":{\"@type\":\"ImageObject\",\"inLanguage\":\"en-GB\",\"@id\":\"https:\\\/\\\/secure.gravatar.com\\\/avatar\\\/1a90df1b90e7a54b5fb51cad23b14d5929d4179eec6371154a0ade4fe992d9df?s=96&d=mm&r=g\",\"url\":\"https:\\\/\\\/secure.gravatar.com\\\/avatar\\\/1a90df1b90e7a54b5fb51cad23b14d5929d4179eec6371154a0ade4fe992d9df?s=96&d=mm&r=g\",\"contentUrl\":\"https:\\\/\\\/secure.gravatar.com\\\/avatar\\\/1a90df1b90e7a54b5fb51cad23b14d5929d4179eec6371154a0ade4fe992d9df?s=96&d=mm&r=g\",\"caption\":\"Holly Phillips\"},\"url\":\"https:\\\/\\\/sheffieldwire.co.uk\\\/index.php\\\/author\\\/jop23hlp\\\/\"}]}<\/script>\n<!-- \/ Yoast SEO plugin. -->","yoast_head_json":{"title":"Migration Matters Festival: International culture festival returns to Sheffield - Sheffield Wire","description":"A Sheffield festival which brings communities together by celebrating international culture is welcoming its 'best line up ever' this year.","robots":{"index":"index","follow":"follow","max-snippet":"max-snippet:-1","max-image-preview":"max-image-preview:large","max-video-preview":"max-video-preview:-1"},"canonical":"https:\/\/sheffieldwire.co.uk\/index.php\/2024\/04\/15\/migration-matters-festival-international-culture-festival-returns-to-sheffield\/","og_locale":"en_GB","og_type":"article","og_title":"Migration Matters Festival: International culture festival returns to Sheffield - Sheffield Wire","og_description":"A Sheffield festival which brings communities together by celebrating international culture is welcoming its 'best line up ever' this year.","og_url":"https:\/\/sheffieldwire.co.uk\/index.php\/2024\/04\/15\/migration-matters-festival-international-culture-festival-returns-to-sheffield\/","og_site_name":"Sheffield Wire","article_published_time":"2024-04-15T13:54:17+00:00","article_modified_time":"2024-04-15T14:12:31+00:00","og_image":[{"width":828,"height":538,"url":"https:\/\/sheffieldwire.co.uk\/wp-content\/uploads\/2024\/04\/IMG_3699-1.jpg","type":"image\/jpeg"}],"author":"Holly Phillips","twitter_card":"summary_large_image","twitter_misc":{"Written by":"Holly Phillips","Estimated reading time":"2 minutes"},"schema":{"@context":"https:\/\/schema.org","@graph":[{"@type":"Article","@id":"https:\/\/sheffieldwire.co.uk\/index.php\/2024\/04\/15\/migration-matters-festival-international-culture-festival-returns-to-sheffield\/#article","isPartOf":{"@id":"https:\/\/sheffieldwire.co.uk\/index.php\/2024\/04\/15\/migration-matters-festival-international-culture-festival-returns-to-sheffield\/"},"author":{"name":"Holly Phillips","@id":"https:\/\/sheffieldwire.co.uk\/#\/schema\/person\/779d9bacb039961fc57cb4f64e3ce7b2"},"headline":"Migration Matters Festival: International culture festival returns to Sheffield","datePublished":"2024-04-15T13:54:17+00:00","dateModified":"2024-04-15T14:12:31+00:00","mainEntityOfPage":{"@id":"https:\/\/sheffieldwire.co.uk\/index.php\/2024\/04\/15\/migration-matters-festival-international-culture-festival-returns-to-sheffield\/"},"wordCount":463,"commentCount":0,"image":{"@id":"https:\/\/sheffieldwire.co.uk\/index.php\/2024\/04\/15\/migration-matters-festival-international-culture-festival-returns-to-sheffield\/#primaryimage"},"thumbnailUrl":"https:\/\/sheffieldwire.co.uk\/wp-content\/uploads\/2024\/04\/IMG_3699-1.jpg","keywords":["Amadou &amp; Mariam","city of sanctuary","culture","culture festival","International culture festival","migration","migration matters","migration matters sheffield","Otis Mensah","Sheffield","sheffield city council","Sired of Lesbos","south yorkshire"],"articleSection":["News"],"inLanguage":"en-GB","potentialAction":[{"@type":"CommentAction","name":"Comment","target":["https:\/\/sheffieldwire.co.uk\/index.php\/2024\/04\/15\/migration-matters-festival-international-culture-festival-returns-to-sheffield\/#respond"]}]},{"@type":"WebPage","@id":"https:\/\/sheffieldwire.co.uk\/index.php\/2024\/04\/15\/migration-matters-festival-international-culture-festival-returns-to-sheffield\/","url":"https:\/\/sheffieldwire.co.uk\/index.php\/2024\/04\/15\/migration-matters-festival-international-culture-festival-returns-to-sheffield\/","name":"Migration Matters Festival: International culture festival returns to Sheffield - Sheffield Wire","isPartOf":{"@id":"https:\/\/sheffieldwire.co.uk\/#website"},"primaryImageOfPage":{"@id":"https:\/\/sheffieldwire.co.uk\/index.php\/2024\/04\/15\/migration-matters-festival-international-culture-festival-returns-to-sheffield\/#primaryimage"},"image":{"@id":"https:\/\/sheffieldwire.co.uk\/index.php\/2024\/04\/15\/migration-matters-festival-international-culture-festival-returns-to-sheffield\/#primaryimage"},"thumbnailUrl":"https:\/\/sheffieldwire.co.uk\/wp-content\/uploads\/2024\/04\/IMG_3699-1.jpg","datePublished":"2024-04-15T13:54:17+00:00","dateModified":"2024-04-15T14:12:31+00:00","author":{"@id":"https:\/\/sheffieldwire.co.uk\/#\/schema\/person\/779d9bacb039961fc57cb4f64e3ce7b2"},"description":"A Sheffield festival which brings communities together by celebrating international culture is welcoming its 'best line up ever' this year.","breadcrumb":{"@id":"https:\/\/sheffieldwire.co.uk\/index.php\/2024\/04\/15\/migration-matters-festival-international-culture-festival-returns-to-sheffield\/#breadcrumb"},"inLanguage":"en-GB","potentialAction":[{"@type":"ReadAction","target":["https:\/\/sheffieldwire.co.uk\/index.php\/2024\/04\/15\/migration-matters-festival-international-culture-festival-returns-to-sheffield\/"]}]},{"@type":"ImageObject","inLanguage":"en-GB","@id":"https:\/\/sheffieldwire.co.uk\/index.php\/2024\/04\/15\/migration-matters-festival-international-culture-festival-returns-to-sheffield\/#primaryimage","url":"https:\/\/sheffieldwire.co.uk\/wp-content\/uploads\/2024\/04\/IMG_3699-1.jpg","contentUrl":"https:\/\/sheffieldwire.co.uk\/wp-content\/uploads\/2024\/04\/IMG_3699-1.jpg","width":828,"height":538,"caption":"Image Credit: Migration Matters Festival"},{"@type":"BreadcrumbList","@id":"https:\/\/sheffieldwire.co.uk\/index.php\/2024\/04\/15\/migration-matters-festival-international-culture-festival-returns-to-sheffield\/#breadcrumb","itemListElement":[{"@type":"ListItem","position":1,"name":"Home","item":"https:\/\/sheffieldwire.co.uk\/"},{"@type":"ListItem","position":2,"name":"Migration Matters Festival: International culture festival returns to Sheffield"}]},{"@type":"WebSite","@id":"https:\/\/sheffieldwire.co.uk\/#website","url":"https:\/\/sheffieldwire.co.uk\/","name":"Sheffield Wire","description":"The latest news from South Yorkshire","potentialAction":[{"@type":"SearchAction","target":{"@type":"EntryPoint","urlTemplate":"https:\/\/sheffieldwire.co.uk\/?s={search_term_string}"},"query-input":{"@type":"PropertyValueSpecification","valueRequired":true,"valueName":"search_term_string"}}],"inLanguage":"en-GB"},{"@type":"Person","@id":"https:\/\/sheffieldwire.co.uk\/#\/schema\/person\/779d9bacb039961fc57cb4f64e3ce7b2","name":"Holly Phillips","image":{"@type":"ImageObject","inLanguage":"en-GB","@id":"https:\/\/secure.gravatar.com\/avatar\/1a90df1b90e7a54b5fb51cad23b14d5929d4179eec6371154a0ade4fe992d9df?s=96&d=mm&r=g","url":"https:\/\/secure.gravatar.com\/avatar\/1a90df1b90e7a54b5fb51cad23b14d5929d4179eec6371154a0ade4fe992d9df?s=96&d=mm&r=g","contentUrl":"https:\/\/secure.gravatar.com\/avatar\/1a90df1b90e7a54b5fb51cad23b14d5929d4179eec6371154a0ade4fe992d9df?s=96&d=mm&r=g","caption":"Holly Phillips"},"url":"https:\/\/sheffieldwire.co.uk\/index.php\/author\/jop23hlp\/"}]}},"_links":{"self":[{"href":"https:\/\/sheffieldwire.co.uk\/index.php\/wp-json\/wp\/v2\/posts\/60664","targetHints":{"allow":["GET"]}}],"collection":[{"href":"https:\/\/sheffieldwire.co.uk\/index.php\/wp-json\/wp\/v2\/posts"}],"about":[{"href":"https:\/\/sheffieldwire.co.uk\/index.php\/wp-json\/wp\/v2\/types\/post"}],"author":[{"embeddable":true,"href":"https:\/\/sheffieldwire.co.uk\/index.php\/wp-json\/wp\/v2\/users\/171"}],"replies":[{"embeddable":true,"href":"https:\/\/sheffieldwire.co.uk\/index.php\/wp-json\/wp\/v2\/comments?post=60664"}],"version-history":[{"count":5,"href":"https:\/\/sheffieldwire.co.uk\/index.php\/wp-json\/wp\/v2\/posts\/60664\/revisions"}],"predecessor-version":[{"id":60978,"href":"https:\/\/sheffieldwire.co.uk\/index.php\/wp-json\/wp\/v2\/posts\/60664\/revisions\/60978"}],"wp:featuredmedia":[{"embeddable":true,"href":"https:\/\/sheffieldwire.co.uk\/index.php\/wp-json\/wp\/v2\/media\/60872"}],"wp:attachment":[{"href":"https:\/\/sheffieldwire.co.uk\/index.php\/wp-json\/wp\/v2\/media?parent=60664"}],"wp:term":[{"taxonomy":"category","embeddable":true,"href":"https:\/\/sheffieldwire.co.uk\/index.php\/wp-json\/wp\/v2\/categories?post=60664"},{"taxonomy":"post_tag","embeddable":true,"href":"https:\/\/sheffieldwire.co.uk\/index.php\/wp-json\/wp\/v2\/tags?post=60664"}],"curies":[{"name":"wp","href":"https:\/\/api.w.org\/{rel}","templated":true}]}}